{"id":9955,"date":"2016-06-08T20:45:30","date_gmt":"2016-06-08T23:45:30","guid":{"rendered":"http:\/\/olivopampa.com.br\/?p=9955"},"modified":"2016-06-08T20:45:30","modified_gmt":"2016-06-08T23:45:30","slug":"brasileiros-produzem-azeite-para-competir-com-producao-internacional-vida-rural","status":"publish","type":"post","link":"https:\/\/olivopampa.com.br\/?p=9955","title":{"rendered":"Brasileiros produzem azeite para competir com produ\u00e7\u00e3o internacional &#8211; Vida Rural"},"content":{"rendered":"<blockquote><p><a href=\"http:\/\/www.vidarural.pt\/brasileiros-produzem-azeite-para-competir-com-producao-internacional\/\"><img decoding=\"async\" class=\"alignnone size-full\" src=\"http:\/\/olivopampa.com.br\/wp-content\/uploads\/2016\/06\/olival-Vida-Rural.jpg\" alt=\"\" \/><\/a><a href=\"http:\/\/olivopampa.com.br\/wp-content\/uploads\/2016\/06\/Olival-Olivopampa-no-dia-08.06.2016IMG_2083.jpg\"><img loading=\"lazy\" decoding=\"async\" class=\"alignnone size-large wp-image-9956\" src=\"http:\/\/olivopampa.com.br\/wp-content\/uploads\/2016\/06\/Olival-Olivopampa-no-dia-08.06.2016IMG_2083-1024x645-1.jpg\" alt=\"Olival Olivopampa no dia 08.06.2016IMG_2083\" width=\"1024\" height=\"645\" \/><\/a>Um antigo executivo da ind\u00fastria qu\u00edmica brasileiro, Fernando Rotondo, decidiu apostar na produ\u00e7\u00e3o de azeite e em 2008 comprou uma propriedade onde decidiu plantar 92 hectares de oliveiras. De acordo com a publica\u00e7\u00e3o Globo Rural, em 2015 o azeite j\u00e1 come\u00e7ou a chegar \u00e0s lojas brasileiras e est\u00e1 a disputar lugar com os produtos importados.<\/p><\/blockquote>\n<p>Fonte: <em><a href=\"http:\/\/www.vidarural.pt\/brasileiros-produzem-azeite-para-competir-com-producao-internacional\/\">Brasileiros produzem azeite para competir com produ\u00e7\u00e3o internacional &#8211; Vida Rural<\/a><\/em><\/p>\n","protected":false},"excerpt":{"rendered":"<p>Um antigo executivo da ind\u00fastria qu\u00edmica brasileiro, Fernando Rotondo, decidiu apostar na produ\u00e7\u00e3o de azeite e em 2008 comprou uma propriedade onde decidiu plantar 92 hectares de oliveiras. De acordo com a publica\u00e7\u00e3o Globo Rural, em 2015 o azeite j\u00e1 &hellip; <a href=\"https:\/\/olivopampa.com.br\/?p=9955\">Continue lendo <span class=\"meta-nav\">&rarr;<\/span><\/a><\/p>\n","protected":false},"author":2,"featured_media":0,"comment_status":"open","ping_status":"open","sticky":false,"template":"","format":"standard","meta":{"_exactmetrics_skip_tracking":false,"_exactmetrics_sitenote_active":false,"_exactmetrics_sitenote_note":"","_exactmetrics_sitenote_category":0,"footnotes":""},"categories":[1],"tags":[],"class_list":["post-9955","post","type-post","status-publish","format-standard","hentry","category-sem-categoria"],"_links":{"self":[{"href":"https:\/\/olivopampa.com.br\/index.php?rest_route=\/wp\/v2\/posts\/9955","targetHints":{"allow":["GET"]}}],"collection":[{"href":"https:\/\/olivopampa.com.br\/index.php?rest_route=\/wp\/v2\/posts"}],"about":[{"href":"https:\/\/olivopampa.com.br\/index.php?rest_route=\/wp\/v2\/types\/post"}],"author":[{"embeddable":true,"href":"https:\/\/olivopampa.com.br\/index.php?rest_route=\/wp\/v2\/users\/2"}],"replies":[{"embeddable":true,"href":"https:\/\/olivopampa.com.br\/index.php?rest_route=%2Fwp%2Fv2%2Fcomments&post=9955"}],"version-history":[{"count":1,"href":"https:\/\/olivopampa.com.br\/index.php?rest_route=\/wp\/v2\/posts\/9955\/revisions"}],"predecessor-version":[{"id":9959,"href":"https:\/\/olivopampa.com.br\/index.php?rest_route=\/wp\/v2\/posts\/9955\/revisions\/9959"}],"wp:attachment":[{"href":"https:\/\/olivopampa.com.br\/index.php?rest_route=%2Fwp%2Fv2%2Fmedia&parent=9955"}],"wp:term":[{"taxonomy":"category","embeddable":true,"href":"https:\/\/olivopampa.com.br\/index.php?rest_route=%2Fwp%2Fv2%2Fcategories&post=9955"},{"taxonomy":"post_tag","embeddable":true,"href":"https:\/\/olivopampa.com.br\/index.php?rest_route=%2Fwp%2Fv2%2Ftags&post=9955"}],"curies":[{"name":"wp","href":"https:\/\/api.w.org\/{rel}","templated":true}]}}