{"id":23365,"date":"2026-02-17T09:35:44","date_gmt":"2026-02-17T12:35:44","guid":{"rendered":"https:\/\/olivopampa.com.br\/?p=23365"},"modified":"2026-02-17T09:35:45","modified_gmt":"2026-02-17T12:35:45","slug":"algumas-visoes-das-consequencias-dos-recentes-temporais-na-producao-oleicola-na-espanha-mercacei-com","status":"publish","type":"post","link":"https:\/\/olivopampa.com.br\/?p=23365","title":{"rendered":"Algumas vis\u00f5es das consequencias dos recentes temporais na produ\u00e7\u00e3o oleicola na Espanha. mercacei.com"},"content":{"rendered":"\n<p><a href=\"https:\/\/www.mercacei.com\/noticia\/64586\/actualidad\/campana-2025\/26-en-espana:-consecuencias-del-temporal-en-la-produccion-de-aceite-de-oliva-y-en-los-precios.html\">https:\/\/www.mercacei.com\/noticia\/64586\/actualidad\/campana-2025\/26-en-espana:-consecuencias-del-temporal-en-la-produccion-de-aceite-de-oliva-y-en-los-precios.html<\/a><\/p>\n","protected":false},"excerpt":{"rendered":"<p>https:\/\/www.mercacei.com\/noticia\/64586\/actualidad\/campana-2025\/26-en-espana:-consecuencias-del-temporal-en-la-produccion-de-aceite-de-oliva-y-en-los-precios.html<\/p>\n","protected":false},"author":2,"featured_media":0,"comment_status":"open","ping_status":"open","sticky":false,"template":"","format":"standard","meta":{"_exactmetrics_skip_tracking":false,"_exactmetrics_sitenote_active":false,"_exactmetrics_sitenote_note":"","_exactmetrics_sitenote_category":0,"footnotes":""},"categories":[1],"tags":[],"class_list":["post-23365","post","type-post","status-publish","format-standard","hentry","category-sem-categoria"],"_links":{"self":[{"href":"https:\/\/olivopampa.com.br\/index.php?rest_route=\/wp\/v2\/posts\/23365","targetHints":{"allow":["GET"]}}],"collection":[{"href":"https:\/\/olivopampa.com.br\/index.php?rest_route=\/wp\/v2\/posts"}],"about":[{"href":"https:\/\/olivopampa.com.br\/index.php?rest_route=\/wp\/v2\/types\/post"}],"author":[{"embeddable":true,"href":"https:\/\/olivopampa.com.br\/index.php?rest_route=\/wp\/v2\/users\/2"}],"replies":[{"embeddable":true,"href":"https:\/\/olivopampa.com.br\/index.php?rest_route=%2Fwp%2Fv2%2Fcomments&post=23365"}],"version-history":[{"count":1,"href":"https:\/\/olivopampa.com.br\/index.php?rest_route=\/wp\/v2\/posts\/23365\/revisions"}],"predecessor-version":[{"id":23366,"href":"https:\/\/olivopampa.com.br\/index.php?rest_route=\/wp\/v2\/posts\/23365\/revisions\/23366"}],"wp:attachment":[{"href":"https:\/\/olivopampa.com.br\/index.php?rest_route=%2Fwp%2Fv2%2Fmedia&parent=23365"}],"wp:term":[{"taxonomy":"category","embeddable":true,"href":"https:\/\/olivopampa.com.br\/index.php?rest_route=%2Fwp%2Fv2%2Fcategories&post=23365"},{"taxonomy":"post_tag","embeddable":true,"href":"https:\/\/olivopampa.com.br\/index.php?rest_route=%2Fwp%2Fv2%2Ftags&post=23365"}],"curies":[{"name":"wp","href":"https:\/\/api.w.org\/{rel}","templated":true}]}}