{"id":22653,"date":"2025-01-19T11:41:54","date_gmt":"2025-01-19T14:41:54","guid":{"rendered":"https:\/\/olivopampa.com.br\/?p=22653"},"modified":"2025-01-19T11:58:15","modified_gmt":"2025-01-19T14:58:15","slug":"a-colheita-das-azeitonas-para-o-azeite-novello-2025-esta-proxima","status":"publish","type":"post","link":"https:\/\/olivopampa.com.br\/?p=22653","title":{"rendered":"A colheita das azeitonas para o azeite Novello* 2025 esta proxima&#8230;!"},"content":{"rendered":"\n<p>Ela ser\u00e1 reduzida em quantidade mas de alt\u00edssima qualidade. O estagio de endurecimento de caro\u00e7o est\u00e1 ocorrendo com excelentes condi\u00e7oes de clima especialmente no que se refere \u00e0 amplitude termica e temperatura&#8230;<\/p>\n\n\n\n<figure class=\"wp-block-image size-full\"><a href=\"https:\/\/olivopampa.com.br\/wp-content\/uploads\/2024\/12\/image.png\"><img loading=\"lazy\" decoding=\"async\" width=\"768\" height=\"1024\" src=\"https:\/\/olivopampa.com.br\/wp-content\/uploads\/2024\/12\/image.png\" alt=\"\" class=\"wp-image-22467\" srcset=\"https:\/\/olivopampa.com.br\/wp-content\/uploads\/2024\/12\/image.png 768w, https:\/\/olivopampa.com.br\/wp-content\/uploads\/2024\/12\/image-225x300.png 225w\" sizes=\"auto, (max-width: 768px) 100vw, 768px\" \/><\/a><\/figure>\n\n\n\n<figure class=\"wp-block-image size-large\"><a href=\"https:\/\/olivopampa.com.br\/wp-content\/uploads\/2024\/12\/Oliveiras-da-Var.-Picual-no-olival-Olivopampa.-10.12.2024-IMG_3248-scaled.jpg\"><img loading=\"lazy\" decoding=\"async\" width=\"1024\" height=\"768\" src=\"https:\/\/olivopampa.com.br\/wp-content\/uploads\/2024\/12\/Oliveiras-da-Var.-Picual-no-olival-Olivopampa.-10.12.2024-IMG_3248-1024x768.jpg\" alt=\"\" class=\"wp-image-22515\" srcset=\"https:\/\/olivopampa.com.br\/wp-content\/uploads\/2024\/12\/Oliveiras-da-Var.-Picual-no-olival-Olivopampa.-10.12.2024-IMG_3248-1024x768.jpg 1024w, https:\/\/olivopampa.com.br\/wp-content\/uploads\/2024\/12\/Oliveiras-da-Var.-Picual-no-olival-Olivopampa.-10.12.2024-IMG_3248-300x225.jpg 300w, https:\/\/olivopampa.com.br\/wp-content\/uploads\/2024\/12\/Oliveiras-da-Var.-Picual-no-olival-Olivopampa.-10.12.2024-IMG_3248-768x576.jpg 768w, https:\/\/olivopampa.com.br\/wp-content\/uploads\/2024\/12\/Oliveiras-da-Var.-Picual-no-olival-Olivopampa.-10.12.2024-IMG_3248-1536x1152.jpg 1536w, https:\/\/olivopampa.com.br\/wp-content\/uploads\/2024\/12\/Oliveiras-da-Var.-Picual-no-olival-Olivopampa.-10.12.2024-IMG_3248-2048x1536.jpg 2048w, https:\/\/olivopampa.com.br\/wp-content\/uploads\/2024\/12\/Oliveiras-da-Var.-Picual-no-olival-Olivopampa.-10.12.2024-IMG_3248-400x300.jpg 400w\" sizes=\"auto, (max-width: 1024px) 100vw, 1024px\" \/><\/a><\/figure>\n\n\n\n<p><strong>Re: Campanha de Pr\u00e9-venda do azeite Novello* 2025<\/strong><\/p>\n\n\n\n<p>Bom dia!<br>A campanha de pr\u00e9-venda desse excepcional azeite, continua com muito sucesso.! O <strong><em>Azeite Extra Virgem Ouro de Santana Novello* <\/em><\/strong>Produzido em Santana do Livramento, RS al\u00e9m de ser o pioneiro de seu tipo no Brasil, \u00e9 a estrela do segmento dos azeites novos, sem filtrar, no mercado Brasileiro. &nbsp;<\/p>\n\n\n\n<p>Na colheita da safra 2025, que ocorre em mar\u00e7o, este excepcional azeite Extra Virgem, editara sua d\u00e9cima vers\u00e3o. No est\u00e1gio atual de matura\u00e7\u00e3o das azeitonas podemos antever que as variedades <strong><em>Arbequina, Manzanilla, Koroneiki, Canino, Grappollo<\/em><\/strong>, entre outras, far\u00e3o parte do blend de campo da vers\u00e3o 2025. A cada ano, dependendo das variedades de colheita cedo, o blend sofre algumas varia\u00e7\u00f5es.<\/p>\n\n\n\n<p>O conceito do azeite <strong><em>Novello*<\/em><\/strong> \u00e9 muito antigo e arraigado nos principais pa\u00edses produtores no mundo do azeite. Os consumidores t\u00eam muito aprecio e fidelidade pelo <strong>azeite novo, rec\u00e9m produzido, fresco, sem filtrar. <\/strong>A chegada desse azeite \u00e9 muito celebrada.<\/p>\n\n\n\n<p>Trata-se de uma&nbsp;&nbsp; verdadeira iguaria, extra\u00edda de azeitonas de diversas variedades, rec\u00e9m-colhidas. \u201cBlend da terra, \u201cfresqu\u00edssimo,\u201d sem filtrar, engarrafado logo depois de produzido.&nbsp; <strong>Consequentemente dever\u00e1 ser consumido fresco pois sua validade \u00e9 menor que a validade dos azeites convencionais\/filtrados.<\/strong><\/p>\n\n\n\n<p>Como olivicultores, fabricantes e detentores da marca de azeite <strong><em>Novello*,<\/em><\/strong> renovamos nosso compromisso de continuar cuidando os olivais e o processo produtivo para sempre superar suas expectativas com um produto de alta qualidade com seguran\u00e7a alimentar.<\/p>\n\n\n\n<p>As encomendas do <strong><em>Azeite Novello* 2025<\/em><\/strong> poder\u00e3o ser feitas com valor pr\u00e9-fixado a partir do dia <strong>20.01.2025. A entrega do azeite ser\u00e1 feita no m\u00eas de mar\u00e7o de 2025<\/strong>.&nbsp; Ele \u00e9 despachado para o endere\u00e7o que o comprador indique.<\/p>\n\n\n\n<p><br><strong>N\u00e3o reservamos produto<\/strong>. A \u201creserva\u201d ocorrer\u00e1 depois de realizar a compra na loja virtual: <strong>loja.ourodesantana.com.br<\/strong><\/p>\n\n\n\n<p>Garanta seu azeite Novello* 2025 e desfrute sua excelente qualidade a partir de mar\u00e7o 2025. \u00e8 consuma ele fresco, nos dias da semana santa e pascoa!<\/p>\n\n\n\n<p>Abra\u00e7o,<\/p>\n\n\n\n<p><strong><em>Sibele, Daniel &amp; Fernando<\/em><\/strong><\/p>\n\n\n\n<p><strong><em>Novello*<\/em><\/strong> \u00e9 marca registrada da Olivopampa Industria e Comercio de Produtos Oliv\u00edcolas Ltda.<br><br>REP\u00daBLICA FEDERATIVA DO BRASIL<br>Minist\u00e9rio do Desenvolvimento, Ind\u00fastria, Com\u00e9rcio e Servi\u00e7os<br>Instituto Nacional da Propriedade Industrial<br>Diretoria de Marcas, Desenhos Industriais e Indica\u00e7\u00f5es Geogr\u00e1ficas<br>Segunda via de certificado de registro de marca<br>Processo n\u00ba: 919014160<br>.<br>O Instituto Nacional da Propriedade Industrial, para garantia da propriedade e do uso exclusivo,<br>certifica que a marca abaixo reproduzida encontra-se registrada nos termos das normas legais e<br>regularmente em vigor, mediante as seguintes caracter\u00edsticas e condi\u00e7\u00f5es:<br>Data de dep\u00f3sito: 14\/01\/2020<br>Data da concess\u00e3o: 01\/02\/2022<br>Fim da vig\u00eancia: 01\/02\/2032<br>Titular: OLIVOPAMPA IND\u00daSTRIA E COM\u00c9RCIO DE PRODUTOS<br>OLIV\u00cdCOLAS LTDA [BR\/RS]<br>CNPJ: 08544221000132<br>Endere\u00e7o: EST ESTRADA ASSENTAMENTO TAFONA I ESQUINA 1350,<br>97573-000, Santana do Livramento, RIO GRANDE DO SUL, BRASIL<br>Apresenta\u00e7\u00e3o: Mista<br>Natureza: Marca de Produto\/Servi\u00e7o<br>CFE(4): 27.5.25<br>NCL(11): 29<br>Especifica\u00e7\u00e3o: Azeite de oliva extra virgem para uso alimentar (da classe 29)<br>REP\u00daBLICA FEDERATIVA DO BRASIL<br>Minist\u00e9rio do Desenvolvimento, Ind\u00fastria, Com\u00e9rcio e Servi\u00e7os<br>Instituto Nacional da Propriedade Industrial<br>Diretoria de Marcas, Desenhos Industriais e Indica\u00e7\u00f5es Geogr\u00e1ficas<br>Segunda via de certificado de registro de marca<br>Processo n\u00ba: 919014160<br>.<br>1<br>Rio de Janeiro, 08\/08\/2024<br>Schmuell Lopes Cantanh\u00eade<br>Diretor<br>A<\/p>\n\n\n","protected":false},"excerpt":{"rendered":"<p>Ela ser\u00e1 reduzida em quantidade mas de alt\u00edssima qualidade. O estagio de endurecimento de caro\u00e7o est\u00e1 ocorrendo com excelentes condi\u00e7oes de clima especialmente no que se refere \u00e0 amplitude termica e temperatura&#8230; Re: Campanha de Pr\u00e9-venda do azeite Novello* 2025 &hellip; <a href=\"https:\/\/olivopampa.com.br\/?p=22653\">Continue lendo <span class=\"meta-nav\">&rarr;<\/span><\/a><\/p>\n","protected":false},"author":2,"featured_media":0,"comment_status":"open","ping_status":"open","sticky":false,"template":"","format":"standard","meta":{"_exactmetrics_skip_tracking":false,"_exactmetrics_sitenote_active":false,"_exactmetrics_sitenote_note":"","_exactmetrics_sitenote_category":0,"footnotes":""},"categories":[1],"tags":[],"class_list":["post-22653","post","type-post","status-publish","format-standard","hentry","category-sem-categoria"],"_links":{"self":[{"href":"https:\/\/olivopampa.com.br\/index.php?rest_route=\/wp\/v2\/posts\/22653","targetHints":{"allow":["GET"]}}],"collection":[{"href":"https:\/\/olivopampa.com.br\/index.php?rest_route=\/wp\/v2\/posts"}],"about":[{"href":"https:\/\/olivopampa.com.br\/index.php?rest_route=\/wp\/v2\/types\/post"}],"author":[{"embeddable":true,"href":"https:\/\/olivopampa.com.br\/index.php?rest_route=\/wp\/v2\/users\/2"}],"replies":[{"embeddable":true,"href":"https:\/\/olivopampa.com.br\/index.php?rest_route=%2Fwp%2Fv2%2Fcomments&post=22653"}],"version-history":[{"count":3,"href":"https:\/\/olivopampa.com.br\/index.php?rest_route=\/wp\/v2\/posts\/22653\/revisions"}],"predecessor-version":[{"id":22659,"href":"https:\/\/olivopampa.com.br\/index.php?rest_route=\/wp\/v2\/posts\/22653\/revisions\/22659"}],"wp:attachment":[{"href":"https:\/\/olivopampa.com.br\/index.php?rest_route=%2Fwp%2Fv2%2Fmedia&parent=22653"}],"wp:term":[{"taxonomy":"category","embeddable":true,"href":"https:\/\/olivopampa.com.br\/index.php?rest_route=%2Fwp%2Fv2%2Fcategories&post=22653"},{"taxonomy":"post_tag","embeddable":true,"href":"https:\/\/olivopampa.com.br\/index.php?rest_route=%2Fwp%2Fv2%2Ftags&post=22653"}],"curies":[{"name":"wp","href":"https:\/\/api.w.org\/{rel}","templated":true}]}}