{"id":15122,"date":"2019-11-10T13:15:18","date_gmt":"2019-11-10T16:15:18","guid":{"rendered":"https:\/\/olivopampa.com.br\/?p=15122"},"modified":"2019-11-10T13:15:18","modified_gmt":"2019-11-10T16:15:18","slug":"la-almazara-cuna-del-aceite-de-oliva-fernandoolivopampa-com-br-e-mail-de-olivopampa-2","status":"publish","type":"post","link":"https:\/\/olivopampa.com.br\/?p=15122","title":{"rendered":"La almazara, cuna del aceite de oliva &#8211; fernando@olivopampa.com.br &#8211; E-mail de Olivopampa"},"content":{"rendered":"<p>Source: <em><a href=\"https:\/\/mail.google.com\/mail\/u\/0\/?tab=rm&amp;ogbl#inbox\/FMfcgxwDsFkFhtQgqwxpgcjHWDGHtmJB\">La almazara, cuna del aceite de oliva &#8211; fernando@olivopampa.com.br &#8211; E-mail de Olivopampa<\/a><\/em><\/p>\n<h2>La almazara, cuna del aceite de oliva<\/h2>\n<p>Muy buenos d\u00edas \ud83d\ude42<\/p>\n<div>\n<p>Nos aproximamos al momento cumbre de la temporada y toca hablar ya de la\u00a0<em><strong>almazara<\/strong><\/em>, la\u00a0<em>f\u00e1brica<\/em>\u00a0o el\u00a0<em>molino<\/em>\u00a0como tambi\u00e9n le llaman algunos. Ese lugar donde se extrae nuestro preciado\u00a0<a href=\"https:\/\/directodelolivar.us2.list-manage.com\/track\/click?u=1722a767838a539ea128d536f&amp;id=1c307166e6&amp;e=f52188e1a2\" target=\"_blank\" rel=\"noopener noreferrer\" data-saferedirecturl=\"https:\/\/www.google.com\/url?q=https:\/\/directodelolivar.us2.list-manage.com\/track\/click?u%3D1722a767838a539ea128d536f%26id%3D1c307166e6%26e%3Df52188e1a2&amp;source=gmail&amp;ust=1573484419792000&amp;usg=AFQjCNHmfekeb5OcmX4RwvgsXxVsUwk2vg\">aceite de oliva<\/a>; que se desarrolla en el vientre de su\u00a0<em>madre<\/em>, la aceituna, y crece bajo el abrigo y sustento de su\u00a0<em>padre<\/em>, el\u00a0<a href=\"https:\/\/directodelolivar.us2.list-manage.com\/track\/click?u=1722a767838a539ea128d536f&amp;id=aea9a29073&amp;e=f52188e1a2\" target=\"_blank\" rel=\"noopener noreferrer\" data-saferedirecturl=\"https:\/\/www.google.com\/url?q=https:\/\/directodelolivar.us2.list-manage.com\/track\/click?u%3D1722a767838a539ea128d536f%26id%3Daea9a29073%26e%3Df52188e1a2&amp;source=gmail&amp;ust=1573484419792000&amp;usg=AFQjCNEboZ54KGTGRWxTrzUEqLg6jDxicQ\">olivo<\/a>. Todo comienza con su gestaci\u00f3n, all\u00e1 por los meses de abril y mayo, se desarrolla durante todo el verano y gran parte del oto\u00f1o, y\u00a0<strong>nace por fin en la almazara tras un per\u00edodo de entre 6 y 9 meses<\/strong>. Desde ese momento, la almazara se convierte en su cuna y su casa hasta que los consumidores lo acogemos en las nuestras. Hoy contamos\u00a0c\u00f3mo es en realidad la almazara, y por donde pasa la\u00a0<em>criatura<\/em>\u00a0hasta que es\u00a0<em>alumbrada<\/em>\u00a0gracias a\u00a0<strong>profesionales que la cuidan y la miman como a un hijo<\/strong>\u00a0\ud83d\ude42<\/p>\n<h2>C\u00f3mo es una peque\u00f1a almazara<\/h2>\n<p><em><strong>Almazara<\/strong><\/em>\u00a0proviene del \u00e1rabe\u00a0<em>al-ma\u2019sara<\/em>\u00a0y significa\u00a0<em><strong>lugar donde se exprime<\/strong><\/em>, el aceite de oliva en nuestro caso. Est\u00e1 compuesta por tres zonas o espacios diferenciados. As\u00ed, primero encontramos el\u00a0<strong>patio<\/strong>\u00a0o parte en la que la aceituna comienza su recorrido en el proceso de elaboraci\u00f3n del aceite de oliva. All\u00ed se limpia, pesa y almacena, para inmediatamente despu\u00e9s, someterse al proceso de molturaci\u00f3n con un\u00a0<strong>molino de martillos<\/strong>. El patio es abierto, pero cuenta con una cubierta para poder actuar como protectora de la aceituna en d\u00edas de lluvia.<\/p>\n<p><img decoding=\"async\" class=\"CToWUd a6T\" tabindex=\"0\" src=\"https:\/\/olivopampa.com.br\/wp-content\/uploads\/2019\/11\/Almazara_patio.jpg\" alt=\"Molino de aceite\" width=\"800\" border=\"0\" \/><\/p>\n<p>A continuaci\u00f3n pasamos a la\u00a0<strong>nave de elaboraci\u00f3n<\/strong>, que es ya una parte cerrada de la almazara, en la que la aceituna entra molturada (molida) directamente desde el molino hacia\u00a0una gran\u00a0<strong>batidora<\/strong>\u00a0(la m\u00e1quina gris y azul de la imagen de abajo). Aqu\u00ed la masa se mueve de forma homog\u00e9nea para\u00a0<em>desligar el aceite<\/em>\u00a0durante casi una hora\u00a0antes de\u00a0pasar al\u00a0<strong><em>dec\u00e1nter<\/em><\/strong>, una centrifugadora horizontal (la m\u00e1quina azul m\u00e1s baja) donde se extrae el zumo exclusivamente ejerciendo una presi\u00f3n mec\u00e1nica sobre la masa. As\u00ed se obra el milagro, y directamente\u00a0del dec\u00e1nter sale\u00a0la primera versi\u00f3n del aceite de oliva, que a continuaci\u00f3n\u00a0se almacena en\u00a0<strong>dep\u00f3sitos decantadores<\/strong>\u00a0(los dep\u00f3sitos c\u00f3nicos de la imagen) para eliminar los residuos s\u00f3lidos que a\u00fan contiene. Mediante este proceso de decantaci\u00f3n natural, se limpia el zumo gracias a la diferencia\u00a0de densidades: el aceite se queda\u00a0arriba, el agua en medio y los residuos s\u00f3lidos abajo. En almazaras m\u00e1s grandes se suelen emplear centrifugadoras verticales para acelerar el proceso, aunque esto genera m\u00e1s residuos al tener que a\u00f1adir agua en cantidad. En nuestras almazaras, la maquinaria que se emplea es de\u00a0<em>\u00faltima tecnolog\u00eda<\/em>\u00a0y se realiza en todo momento a una temperatura inferior a 27 \u00baC, controlada con term\u00f3metros especiales para garantizar su\u00a0<a href=\"https:\/\/directodelolivar.us2.list-manage.com\/track\/click?u=1722a767838a539ea128d536f&amp;id=dd6909ab66&amp;e=f52188e1a2\" target=\"_blank\" rel=\"noopener noreferrer\" data-saferedirecturl=\"https:\/\/www.google.com\/url?q=https:\/\/directodelolivar.us2.list-manage.com\/track\/click?u%3D1722a767838a539ea128d536f%26id%3Ddd6909ab66%26e%3Df52188e1a2&amp;source=gmail&amp;ust=1573484419792000&amp;usg=AFQjCNFCoYVhPmVcLMGgYzHzZbI85deMyw\"><strong>extracci\u00f3n en fr\u00edo<\/strong><\/a>\u00a0(haz click para m\u00e1s informaci\u00f3n) y obtener\u00a0<a href=\"https:\/\/directodelolivar.us2.list-manage.com\/track\/click?u=1722a767838a539ea128d536f&amp;id=8bef9390e2&amp;e=f52188e1a2\" target=\"_blank\" rel=\"noopener noreferrer\" data-saferedirecturl=\"https:\/\/www.google.com\/url?q=https:\/\/directodelolivar.us2.list-manage.com\/track\/click?u%3D1722a767838a539ea128d536f%26id%3D8bef9390e2%26e%3Df52188e1a2&amp;source=gmail&amp;ust=1573484419792000&amp;usg=AFQjCNFsC511lQjkK__qG_v63UVIdXfEqA\"><strong>aceite de oliva virgen extra<\/strong><\/a>\u00a0de calidad superior.<\/p>\n<div>\n<div><strong>No te pierdas<\/strong>:\u00a0<a href=\"https:\/\/directodelolivar.us2.list-manage.com\/track\/click?u=1722a767838a539ea128d536f&amp;id=06ba566e54&amp;e=f52188e1a2\" target=\"_blank\" rel=\"noopener noreferrer\" data-saferedirecturl=\"https:\/\/www.google.com\/url?q=https:\/\/directodelolivar.us2.list-manage.com\/track\/click?u%3D1722a767838a539ea128d536f%26id%3D06ba566e54%26e%3Df52188e1a2&amp;source=gmail&amp;ust=1573484419792000&amp;usg=AFQjCNErJ16rpz3-_Iql4AJ1Np77iK343g\"><em>Aceite de oliva de primera prensada en fr\u00edo<\/em><\/a>\u00a0(haz click para abrir en una nueva ventana).<\/div>\n<\/div>\n<p><a href=\"https:\/\/directodelolivar.us2.list-manage.com\/track\/click?u=1722a767838a539ea128d536f&amp;id=8a6ec655db&amp;e=f52188e1a2\" target=\"_blank\" rel=\"noopener noreferrer\" data-saferedirecturl=\"https:\/\/www.google.com\/url?q=https:\/\/directodelolivar.us2.list-manage.com\/track\/click?u%3D1722a767838a539ea128d536f%26id%3D8a6ec655db%26e%3Df52188e1a2&amp;source=gmail&amp;ust=1573484419792000&amp;usg=AFQjCNF8ZQBD16_cAuboulHljVlVHFg2yw\"><img decoding=\"async\" class=\"CToWUd\" src=\"https:\/\/olivopampa.com.br\/wp-content\/uploads\/2019\/11\/Almazara_aceite_de_oliva.jpg\" alt=\"Almazara de aceite\" width=\"800\" border=\"0\" \/><\/a><\/p>\n<p><a href=\"https:\/\/directodelolivar.us2.list-manage.com\/track\/click?u=1722a767838a539ea128d536f&amp;id=8e29124cba&amp;e=f52188e1a2\" target=\"_blank\" rel=\"noopener noreferrer\" data-saferedirecturl=\"https:\/\/www.google.com\/url?q=https:\/\/directodelolivar.us2.list-manage.com\/track\/click?u%3D1722a767838a539ea128d536f%26id%3D8e29124cba%26e%3Df52188e1a2&amp;source=gmail&amp;ust=1573484419792000&amp;usg=AFQjCNGSSkZkUKFwEIyrsR8KdBdI4BLfbQ\"><img decoding=\"async\" class=\"CToWUd\" src=\"https:\/\/olivopampa.com.br\/wp-content\/uploads\/2019\/11\/Extraccion-en-frio-del-aceite.jpg\" alt=\"Extraccion en frio del aceite\" width=\"800\" border=\"0\" \/><\/a><\/p>\n<p>Finalmente, en la\u00a0<strong>bodega<\/strong>\u00a0se almacena el aceite de oliva ya decantado y repartido en sus dep\u00f3sitos para que\u00a0<em><strong>repose<\/strong><\/em>\u00a0hasta que llega la hora de su\u00a0<strong>envasado pr\u00e1cticamente bajo pedido<\/strong>. En este punto, el aceite tiene que reposar al menos unos 15 \u00f3 20 d\u00edas para terminar de\u00a0<em>asentarse<\/em>\u00a0(decantaci\u00f3n natural) y que pueda\u00a0<strong>filtrarse bien para eliminar todas las impurezas<\/strong>. Y para que la calidad final del aceite sea \u00f3ptima, es importante que los dep\u00f3sitos donde se va a almacenar sean de acero inoxidable, que puedan limpiarse con facilidad y que cuenten con un fondo inclinado para lograr una mejor limpieza, ya que el aceite de oliva continua su proceso de decantaci\u00f3n natural con el paso del tiempo.<\/p>\n<p>Adem\u00e1s de estas tres partes principales, la almazara suele contar con zonas adicionales que facilitan el trabajo de eliminaci\u00f3n o almacenamiento de residuos, as\u00ed como filtros, depuradoras o calderas que producen el calor necesario.<\/p>\n<h3>\u00bfA qu\u00e9 huele?<\/h3>\n<p>Por cierto, igual te preguntas\u00a0<strong>a qu\u00e9 se debe ese olor tan\u00a0<em>caracter\u00edstico<\/em>\u00a0que envuelve a las almazaras durante casi todo el a\u00f1o y especialmente en verano<\/strong>, que es cuando la almazara est\u00e1 parada. Pues es debido a los residuos generados principalmente durante el proceso de centrifugaci\u00f3n vertical, conocidos com\u00fanmente como\u00a0<strong><em>alpech\u00edn<\/em><\/strong>, y que son totalmente org\u00e1nicos y biodegradables. Precisamente es la degradaci\u00f3n de este\u00a0<em>agua sucia<\/em>\u00a0la culpable de ese olor intenso, y que bajo ning\u00fan concepto se puede verter a la red p\u00fablica de alcantarillado\u2026 Para eliminar el alpech\u00edn, normalmente\u00a0<strong>se deposita en una balsa pr\u00f3xima a la almazara, donde el sol de justicia hace su trabajo poco a poco evaporando el agua<\/strong>. El aire hace el resto, y obviamente el calor acelera este proceso para poder\u00a0<em>disfrutar<\/em>\u00a0m\u00e1s intensamente de estos aromas del campo durante los meses de verano \ud83d\ude42<\/p>\n<h3>Econom\u00eda sostenible<\/h3>\n<p>En cuanto a los miles de kilos de residuos s\u00f3lidos provenientes de las aceitunas, tambi\u00e9n tienen su utilidad despu\u00e9s de ser molturadas y extra\u00edda su esencia. Toda esa\u00a0<strong>masa pringosa<\/strong>, com\u00fanmente conocida como orujo, se almacena en dep\u00f3sitos al aire libre. Si la almazara dispone de la maquinaria y recursos necesarios, primero se somete a un proceso de secado y separaci\u00f3n de los residuos mas s\u00f3lidos que provienen de los huesos. Esta parte se conoce popularmente como\u00a0<strong><em>orujillo<\/em><\/strong>\u00a0y una vez bien seco, sirve como\u00a0<strong>biomasa o combustible limpio<\/strong>\u00a0de las calderas de la propia f\u00e1brica y de muchos hogares. Es un combustible org\u00e1nico y sostenible, con un interesante poder calor\u00edfico que lo sit\u00faa como una alternativa m\u00e1s al petr\u00f3leo. Adem\u00e1s, es bastante m\u00e1s barato, partiendo de la base de que un kilo de orujillo a granel ronda los 0,10\u20ac\/kg.<\/p>\n<p>Por otro lado, y una vez extra\u00eddo el orujillo, nos queda la masa s\u00f3lida formada por la piel y la pulpa de las aceitunas, que se suele utilizar como\u00a0<strong>abono org\u00e1nico y sustrato vegetal<\/strong>. Vamos, que no se desaprovecha casi nada\u2026<\/p>\n<p><a href=\"https:\/\/directodelolivar.us2.list-manage.com\/track\/click?u=1722a767838a539ea128d536f&amp;id=fe29343e9f&amp;e=f52188e1a2\" target=\"_blank\" rel=\"noopener noreferrer\" data-saferedirecturl=\"https:\/\/www.google.com\/url?q=https:\/\/directodelolivar.us2.list-manage.com\/track\/click?u%3D1722a767838a539ea128d536f%26id%3Dfe29343e9f%26e%3Df52188e1a2&amp;source=gmail&amp;ust=1573484419792000&amp;usg=AFQjCNGSgHyGzHt48NwvgjciGILTNy4T1g\"><img decoding=\"async\" class=\"CToWUd\" src=\"https:\/\/olivopampa.com.br\/wp-content\/uploads\/2019\/11\/Aceite-alma-de-jaen-1.jpg\" alt=\"Aceite ALMA DE JAEN\" width=\"800\" border=\"0\" \/><\/a><\/p>\n<h2>Envasado directamente en la almazara<\/h2>\n<p>Por \u00faltimo, la almazara cuenta con una peque\u00f1a\u00a0<strong>planta envasadora<\/strong>\u00a0en la que se selecciona el\u00a0<a href=\"https:\/\/directodelolivar.us2.list-manage.com\/track\/click?u=1722a767838a539ea128d536f&amp;id=9e6b7182f2&amp;e=f52188e1a2\" target=\"_blank\" rel=\"noopener noreferrer\" data-saferedirecturl=\"https:\/\/www.google.com\/url?q=https:\/\/directodelolivar.us2.list-manage.com\/track\/click?u%3D1722a767838a539ea128d536f%26id%3D9e6b7182f2%26e%3Df52188e1a2&amp;source=gmail&amp;ust=1573484419792000&amp;usg=AFQjCNGS_QCezsxGZ0Sg3-vPpFc7aOkv5g\"><strong>mejor aceite de oliva virgen extra<\/strong><\/a>\u00a0que se produce al inicio de la campa\u00f1a, se envasa en origen y se comercializa directamente,\u00a0<strong>garantizando as\u00ed su autenticidad y calidad superior<\/strong>.<\/p>\n<blockquote><p><em><strong>[SE ACABA]<\/strong>\u00a0Nos quedan muy pocas unidades de esta Cosecha 2018\/2019,\u00a0<strong><a href=\"https:\/\/directodelolivar.us2.list-manage.com\/track\/click?u=1722a767838a539ea128d536f&amp;id=a18a5c67d4&amp;e=f52188e1a2\" target=\"_blank\" rel=\"noopener noreferrer\" data-saferedirecturl=\"https:\/\/www.google.com\/url?q=https:\/\/directodelolivar.us2.list-manage.com\/track\/click?u%3D1722a767838a539ea128d536f%26id%3Da18a5c67d4%26e%3Df52188e1a2&amp;source=gmail&amp;ust=1573484419792000&amp;usg=AFQjCNHb2WSew_BwvLCSK0cTvaBQ4JiDjA\">aprovecha<\/a><\/strong>\u00a0antes de que se acaben\u2026<\/em><\/p><\/blockquote>\n<p><a href=\"https:\/\/directodelolivar.us2.list-manage.com\/track\/click?u=1722a767838a539ea128d536f&amp;id=2db52c06c9&amp;e=f52188e1a2\" target=\"_blank\" rel=\"noopener noreferrer\" data-saferedirecturl=\"https:\/\/www.google.com\/url?q=https:\/\/directodelolivar.us2.list-manage.com\/track\/click?u%3D1722a767838a539ea128d536f%26id%3D2db52c06c9%26e%3Df52188e1a2&amp;source=gmail&amp;ust=1573484419792000&amp;usg=AFQjCNFcAD0LuUcSY24BTb6gF13O_AEoiA\"><img decoding=\"async\" class=\"CToWUd\" src=\"https:\/\/olivopampa.com.br\/wp-content\/uploads\/2019\/11\/Comprar-aove-almazara.jpg\" alt=\"\" width=\"800\" border=\"0\" \/><\/a><\/p>\n<div>\n<div><strong>COSECHA 2019\/2020<\/strong>: Hemos comenzado la nueva cosecha a principios de noviembre y esperamos que est\u00e9 lista a partir de la\u00a0<strong>segunda quincena de diciembre<\/strong>. Avisaremos por aqu\u00ed como siempre \ud83d\ude42<\/div>\n<\/div>\n<\/div>\n<p>Si te ha gustado,\u00a0<strong>reenv\u00edalo y comp\u00e1rtelo<\/strong>\u00a0con la gente que aprecias \ud83d\ude42<br \/>\n<a href=\"https:\/\/directodelolivar.us2.list-manage.com\/track\/click?u=1722a767838a539ea128d536f&amp;id=2b5b0ee415&amp;e=f52188e1a2\" target=\"_blank\" rel=\"noopener noreferrer\" data-saferedirecturl=\"https:\/\/www.google.com\/url?q=https:\/\/directodelolivar.us2.list-manage.com\/track\/click?u%3D1722a767838a539ea128d536f%26id%3D2b5b0ee415%26e%3Df52188e1a2&amp;source=gmail&amp;ust=1573484419793000&amp;usg=AFQjCNE1yThtqTAwEUJtn9MdokREV3KBRA\"><img loading=\"lazy\" decoding=\"async\" class=\"CToWUd\" src=\"https:\/\/olivopampa.com.br\/wp-content\/uploads\/2019\/11\/social_connect_tweet.png\" alt=\"share on Twitter\" width=\"55\" height=\"20\" border=\"0\" \/><\/a>\u00a0<a id=\"m_2738054665158149955fblike-cc61f100\" title=\"Like La almazara, cuna del aceite de oliva on Facebook\" href=\"https:\/\/directodelolivar.us2.list-manage.com\/track\/click?u=1722a767838a539ea128d536f&amp;id=1386493cfb&amp;e=f52188e1a2\" target=\"_blank\" rel=\"noopener socialproxy noreferrer\" data-saferedirecturl=\"https:\/\/www.google.com\/url?q=https:\/\/directodelolivar.us2.list-manage.com\/track\/click?u%3D1722a767838a539ea128d536f%26id%3D1386493cfb%26e%3Df52188e1a2&amp;source=gmail&amp;ust=1573484419793000&amp;usg=AFQjCNGr-yqKfw624dXo9uQzNnVVQJ9TYA\"><img loading=\"lazy\" decoding=\"async\" class=\"CToWUd\" src=\"https:\/\/olivopampa.com.br\/wp-content\/uploads\/2019\/11\/like.gif\" alt=\"Like La almazara, cuna del aceite de oliva on Facebook\" width=\"48\" height=\"20\" border=\"0\" \/><\/a><\/p>\n<h3>\u00a1Gracias y que tengas un feliz domingo!<\/h3>\n<p>Saludos, Ricardo.<br \/>\nDirectodelOlivar.com<\/p>\n<p><b>Tambi\u00e9n puede interesarte:<\/b><br \/>\n<a href=\"https:\/\/directodelolivar.us2.list-manage.com\/track\/click?u=1722a767838a539ea128d536f&amp;id=ee0524128e&amp;e=f52188e1a2\" target=\"_blank\" rel=\"nofollow noopener noreferrer\" data-saferedirecturl=\"https:\/\/www.google.com\/url?q=https:\/\/directodelolivar.us2.list-manage.com\/track\/click?u%3D1722a767838a539ea128d536f%26id%3Dee0524128e%26e%3Df52188e1a2&amp;source=gmail&amp;ust=1573484419793000&amp;usg=AFQjCNESlQyIIgBIhUo1KbTipx1iuDUYPg\">La acidez del aceite de oliva y su sabor<\/a><br \/>\n<a href=\"https:\/\/directodelolivar.us2.list-manage.com\/track\/click?u=1722a767838a539ea128d536f&amp;id=1e13300a07&amp;e=f52188e1a2\" target=\"_blank\" rel=\"nofollow noopener noreferrer\" data-saferedirecturl=\"https:\/\/www.google.com\/url?q=https:\/\/directodelolivar.us2.list-manage.com\/track\/click?u%3D1722a767838a539ea128d536f%26id%3D1e13300a07%26e%3Df52188e1a2&amp;source=gmail&amp;ust=1573484419793000&amp;usg=AFQjCNH3HcnxZ0a6DdzyB-Ukgwah6YSrlw\">AOVE, \u00bfqu\u00e9 es y qu\u00e9 significa realmente?<\/a><br \/>\n<a href=\"https:\/\/directodelolivar.us2.list-manage.com\/track\/click?u=1722a767838a539ea128d536f&amp;id=cfa30d7596&amp;e=f52188e1a2\" target=\"_blank\" rel=\"nofollow noopener noreferrer\" data-saferedirecturl=\"https:\/\/www.google.com\/url?q=https:\/\/directodelolivar.us2.list-manage.com\/track\/click?u%3D1722a767838a539ea128d536f%26id%3Dcfa30d7596%26e%3Df52188e1a2&amp;source=gmail&amp;ust=1573484419793000&amp;usg=AFQjCNFsHVnGedzjt0yJeDGQp70SMhn4XA\">Cu\u00e1ndo se recogen las aceitunas<\/a><br \/>\n<a href=\"https:\/\/directodelolivar.us2.list-manage.com\/track\/click?u=1722a767838a539ea128d536f&amp;id=233dc288d8&amp;e=f52188e1a2\" target=\"_blank\" rel=\"nofollow noopener noreferrer\" data-saferedirecturl=\"https:\/\/www.google.com\/url?q=https:\/\/directodelolivar.us2.list-manage.com\/track\/click?u%3D1722a767838a539ea128d536f%26id%3D233dc288d8%26e%3Df52188e1a2&amp;source=gmail&amp;ust=1573484419793000&amp;usg=AFQjCNHLxJr1kVkpnFgU1KJdbspJ9uxAxA\">Aceite de oliva bueno, bonito y barato, \u00bfexiste?<\/a><br \/>\n<a href=\"https:\/\/directodelolivar.us2.list-manage.com\/track\/click?u=1722a767838a539ea128d536f&amp;id=b1b65207f2&amp;e=f52188e1a2\" target=\"_blank\" rel=\"nofollow noopener noreferrer\" data-saferedirecturl=\"https:\/\/www.google.com\/url?q=https:\/\/directodelolivar.us2.list-manage.com\/track\/click?u%3D1722a767838a539ea128d536f%26id%3Db1b65207f2%26e%3Df52188e1a2&amp;source=gmail&amp;ust=1573484419793000&amp;usg=AFQjCNEZWLy9xklS7vFNB-ZFB4xYcKK_0g\">La historia de \u201cazeit\u201d y los aceites adulterados<\/a><\/p>\n<p><center><\/p>\n<table id=\"m_2738054665158149955canspamBarWrapper\" border=\"0\" width=\"100%\" cellspacing=\"0\" cellpadding=\"0\">\n<tbody>\n<tr>\n<td align=\"center\" valign=\"top\"><\/td>\n<\/tr>\n<\/tbody>\n<\/table>\n<p><\/center><\/p>\n","protected":false},"excerpt":{"rendered":"<p>Source: La almazara, cuna del aceite de oliva &#8211; fernando@olivopampa.com.br &#8211; E-mail de Olivopampa La almazara, cuna del aceite de oliva Muy buenos d\u00edas \ud83d\ude42 Nos aproximamos al momento cumbre de la temporada y toca hablar ya de la\u00a0almazara, la\u00a0f\u00e1brica\u00a0o &hellip; <a href=\"https:\/\/olivopampa.com.br\/?p=15122\">Continue lendo <span class=\"meta-nav\">&rarr;<\/span><\/a><\/p>\n","protected":false},"author":2,"featured_media":0,"comment_status":"open","ping_status":"open","sticky":false,"template":"","format":"standard","meta":{"_exactmetrics_skip_tracking":false,"_exactmetrics_sitenote_active":false,"_exactmetrics_sitenote_note":"","_exactmetrics_sitenote_category":0,"footnotes":""},"categories":[1],"tags":[],"class_list":["post-15122","post","type-post","status-publish","format-standard","hentry","category-sem-categoria"],"_links":{"self":[{"href":"https:\/\/olivopampa.com.br\/index.php?rest_route=\/wp\/v2\/posts\/15122","targetHints":{"allow":["GET"]}}],"collection":[{"href":"https:\/\/olivopampa.com.br\/index.php?rest_route=\/wp\/v2\/posts"}],"about":[{"href":"https:\/\/olivopampa.com.br\/index.php?rest_route=\/wp\/v2\/types\/post"}],"author":[{"embeddable":true,"href":"https:\/\/olivopampa.com.br\/index.php?rest_route=\/wp\/v2\/users\/2"}],"replies":[{"embeddable":true,"href":"https:\/\/olivopampa.com.br\/index.php?rest_route=%2Fwp%2Fv2%2Fcomments&post=15122"}],"version-history":[{"count":1,"href":"https:\/\/olivopampa.com.br\/index.php?rest_route=\/wp\/v2\/posts\/15122\/revisions"}],"predecessor-version":[{"id":15130,"href":"https:\/\/olivopampa.com.br\/index.php?rest_route=\/wp\/v2\/posts\/15122\/revisions\/15130"}],"wp:attachment":[{"href":"https:\/\/olivopampa.com.br\/index.php?rest_route=%2Fwp%2Fv2%2Fmedia&parent=15122"}],"wp:term":[{"taxonomy":"category","embeddable":true,"href":"https:\/\/olivopampa.com.br\/index.php?rest_route=%2Fwp%2Fv2%2Fcategories&post=15122"},{"taxonomy":"post_tag","embeddable":true,"href":"https:\/\/olivopampa.com.br\/index.php?rest_route=%2Fwp%2Fv2%2Ftags&post=15122"}],"curies":[{"name":"wp","href":"https:\/\/api.w.org\/{rel}","templated":true}]}}