{"id":14661,"date":"2019-05-16T10:21:11","date_gmt":"2019-05-16T13:21:11","guid":{"rendered":"http:\/\/olivopampa.com.br\/?p=14661"},"modified":"2019-05-16T10:21:11","modified_gmt":"2019-05-16T13:21:11","slug":"expertos-internacionales-debaten-sobre-las-perspectivas-del-olivar-mediterraneo-en-cabra-cordoba-revista-casa-mediterraneo","status":"publish","type":"post","link":"https:\/\/olivopampa.com.br\/?p=14661","title":{"rendered":"Expertos internacionales debaten sobre las perspectivas del olivar mediterr\u00e1neo en Cabra (C\u00f3rdoba) &#8211; Revista Casa Mediterr\u00e1neo"},"content":{"rendered":"<p>Source: <em><a href=\"http:\/\/www.revistacasamediterraneo.es\/actualidad\/gastronomia\/expertos-internacionales-debaten-sobre-las-perspectivas-del-olivar-mediterraneo-en-cabra-cordoba\/?fbclid=IwAR1OMV5LPwTA5CoeF7RoMmE8u9aA5IiSVOgAMda3D2oWwtwvYtluM44hC-g\">Expertos internacionales debaten sobre las perspectivas del olivar mediterr\u00e1neo en Cabra (C\u00f3rdoba) &#8211; Revista Casa Mediterr\u00e1neo<\/a><\/em><\/p>\n","protected":false},"excerpt":{"rendered":"<p>Source: Expertos internacionales debaten sobre las perspectivas del olivar mediterr\u00e1neo en Cabra (C\u00f3rdoba) &#8211; Revista Casa Mediterr\u00e1neo<\/p>\n","protected":false},"author":2,"featured_media":0,"comment_status":"open","ping_status":"open","sticky":false,"template":"","format":"standard","meta":{"_exactmetrics_skip_tracking":false,"_exactmetrics_sitenote_active":false,"_exactmetrics_sitenote_note":"","_exactmetrics_sitenote_category":0,"footnotes":""},"categories":[1],"tags":[],"class_list":["post-14661","post","type-post","status-publish","format-standard","hentry","category-sem-categoria"],"_links":{"self":[{"href":"https:\/\/olivopampa.com.br\/index.php?rest_route=\/wp\/v2\/posts\/14661","targetHints":{"allow":["GET"]}}],"collection":[{"href":"https:\/\/olivopampa.com.br\/index.php?rest_route=\/wp\/v2\/posts"}],"about":[{"href":"https:\/\/olivopampa.com.br\/index.php?rest_route=\/wp\/v2\/types\/post"}],"author":[{"embeddable":true,"href":"https:\/\/olivopampa.com.br\/index.php?rest_route=\/wp\/v2\/users\/2"}],"replies":[{"embeddable":true,"href":"https:\/\/olivopampa.com.br\/index.php?rest_route=%2Fwp%2Fv2%2Fcomments&post=14661"}],"version-history":[{"count":1,"href":"https:\/\/olivopampa.com.br\/index.php?rest_route=\/wp\/v2\/posts\/14661\/revisions"}],"predecessor-version":[{"id":14662,"href":"https:\/\/olivopampa.com.br\/index.php?rest_route=\/wp\/v2\/posts\/14661\/revisions\/14662"}],"wp:attachment":[{"href":"https:\/\/olivopampa.com.br\/index.php?rest_route=%2Fwp%2Fv2%2Fmedia&parent=14661"}],"wp:term":[{"taxonomy":"category","embeddable":true,"href":"https:\/\/olivopampa.com.br\/index.php?rest_route=%2Fwp%2Fv2%2Fcategories&post=14661"},{"taxonomy":"post_tag","embeddable":true,"href":"https:\/\/olivopampa.com.br\/index.php?rest_route=%2Fwp%2Fv2%2Ftags&post=14661"}],"curies":[{"name":"wp","href":"https:\/\/api.w.org\/{rel}","templated":true}]}}